{"id":816,"date":"2017-09-17T21:28:30","date_gmt":"2017-09-17T20:28:30","guid":{"rendered":"http:\/\/polegaresaintremy.fr\/cms1\/?p=816"},"modified":"2018-01-22T09:09:08","modified_gmt":"2018-01-22T08:09:08","slug":"collectif-lance-appel-a-financement-participatif","status":"publish","type":"post","link":"https:\/\/polegaresaintremy.fr\/cms1\/index.php\/2017\/09\/17\/collectif-lance-appel-a-financement-participatif\/","title":{"rendered":"Le Collectif lance un appel \u00e0 financement participatif"},"content":{"rendered":"<div class=\"pdfprnt-buttons pdfprnt-buttons-post pdfprnt-top-right\"><a href=\"https:\/\/polegaresaintremy.fr\/cms1\/index.php\/wp-json\/wp\/v2\/posts\/816?print=pdf\" class=\"pdfprnt-button pdfprnt-button-pdf\" target=\"_blank\"><img src=\"http:\/\/polegaresaintremy.fr\/cms1\/wp-content\/plugins\/pdf-print\/images\/pdf.png\" alt=\"image_pdf\" title=\"View PDF\" \/><\/a><a href=\"https:\/\/polegaresaintremy.fr\/cms1\/index.php\/wp-json\/wp\/v2\/posts\/816?print=print\" class=\"pdfprnt-button pdfprnt-button-print\" target=\"_blank\"><img src=\"http:\/\/polegaresaintremy.fr\/cms1\/wp-content\/plugins\/pdf-print\/images\/print.png\" alt=\"image_print\" title=\"Print Content\" \/><\/a><\/div><h5><a href=\"https:\/\/www.helloasso.com\/associations\/collectif-pole-gare-saint-remy\/collectes\/en-justice-contre-le-projet-ratp\" target=\"_blank\" rel=\"noopener\"><span style=\"color: #339966;\">10 \u20ac pour stopper le projet d&rsquo;extension de voies de garage \u00e0 Saint-R\u00e9my<\/span><\/a><\/h5>\n<p><!--more--><\/p>\n<h4>L&rsquo;entr\u00e9e du\u00a0Parc Naturel\u00a0ne doit pas \u00eatre transform\u00e9e en site industriel !<\/h4>\n<p class=\"title\">Afin de financer la bataille juridique pour pr\u00e9server la gare de St R\u00e9my-l\u00e8s-Chevreuse et son environnement, le Collectif lance un appel \u00e0 financement participatif sur la plateforme HelloAsso.<\/p>\n<p class=\"title\">Cette action nous permettra d&rsquo;une part de recueillir les sommes n\u00e9cessaires \u00e0 ce combat et d&rsquo;autre part de lister officiellement les donateurs comme lors d&rsquo;une p\u00e9tition.<\/p>\n<p>N&rsquo;h\u00e9sitez \u00e0 aller sur le lien ci-dessous et \u00e0 passer le mot.<\/p>\n<h4><a href=\"https:\/\/www.helloasso.com\/associations\/collectif-pole-gare-saint-remy\/collectes\/en-justice-contre-le-projet-ratp\" target=\"_blank\" rel=\"noopener\">10 \u20ac pour stopper le projet d&rsquo;extension de voies de garage \u00e0 Saint-R\u00e9my<\/a><\/h4>\n","protected":false},"excerpt":{"rendered":"<p>10 \u20ac pour stopper le projet d&rsquo;extension de voies de garage \u00e0 Saint-R\u00e9my<\/p>\n","protected":false},"author":1,"featured_media":0,"comment_status":"open","ping_status":"open","sticky":false,"template":"","format":"aside","meta":{"_bbp_topic_count":0,"_bbp_reply_count":0,"_bbp_total_topic_count":0,"_bbp_total_reply_count":0,"_bbp_voice_count":0,"_bbp_anonymous_reply_count":0,"_bbp_topic_count_hidden":0,"_bbp_reply_count_hidden":0,"_bbp_forum_subforum_count":0},"categories":[14],"tags":[],"_links":{"self":[{"href":"https:\/\/polegaresaintremy.fr\/cms1\/index.php\/wp-json\/wp\/v2\/posts\/816"}],"collection":[{"href":"https:\/\/polegaresaintremy.fr\/cms1\/index.php\/wp-json\/wp\/v2\/posts"}],"about":[{"href":"https:\/\/polegaresaintremy.fr\/cms1\/index.php\/wp-json\/wp\/v2\/types\/post"}],"author":[{"embeddable":true,"href":"https:\/\/polegaresaintremy.fr\/cms1\/index.php\/wp-json\/wp\/v2\/users\/1"}],"replies":[{"embeddable":true,"href":"https:\/\/polegaresaintremy.fr\/cms1\/index.php\/wp-json\/wp\/v2\/comments?post=816"}],"version-history":[{"count":8,"href":"https:\/\/polegaresaintremy.fr\/cms1\/index.php\/wp-json\/wp\/v2\/posts\/816\/revisions"}],"predecessor-version":[{"id":956,"href":"https:\/\/polegaresaintremy.fr\/cms1\/index.php\/wp-json\/wp\/v2\/posts\/816\/revisions\/956"}],"wp:attachment":[{"href":"https:\/\/polegaresaintremy.fr\/cms1\/index.php\/wp-json\/wp\/v2\/media?parent=816"}],"wp:term":[{"taxonomy":"category","embeddable":true,"href":"https:\/\/polegaresaintremy.fr\/cms1\/index.php\/wp-json\/wp\/v2\/categories?post=816"},{"taxonomy":"post_tag","embeddable":true,"href":"https:\/\/polegaresaintremy.fr\/cms1\/index.php\/wp-json\/wp\/v2\/tags?post=816"}],"curies":[{"name":"wp","href":"https:\/\/api.w.org\/{rel}","templated":true}]}}