{"id":7043,"date":"2023-10-08T22:11:10","date_gmt":"2023-10-08T21:11:10","guid":{"rendered":"http:\/\/polegaresaintremy.fr\/cms1\/?p=7043"},"modified":"2023-12-03T22:20:41","modified_gmt":"2023-12-03T21:20:41","slug":"revision-du-plu-analyse-des-associations","status":"publish","type":"post","link":"https:\/\/polegaresaintremy.fr\/cms1\/index.php\/2023\/10\/08\/revision-du-plu-analyse-des-associations\/","title":{"rendered":"R\u00e9vision du PLU : analyse des associations"},"content":{"rendered":"<div class=\"pdfprnt-buttons pdfprnt-buttons-post pdfprnt-top-right\"><a href=\"https:\/\/polegaresaintremy.fr\/cms1\/index.php\/wp-json\/wp\/v2\/posts\/7043?print=pdf\" class=\"pdfprnt-button pdfprnt-button-pdf\" target=\"_blank\"><img src=\"http:\/\/polegaresaintremy.fr\/cms1\/wp-content\/plugins\/pdf-print\/images\/pdf.png\" alt=\"image_pdf\" title=\"View PDF\" \/><\/a><a href=\"https:\/\/polegaresaintremy.fr\/cms1\/index.php\/wp-json\/wp\/v2\/posts\/7043?print=print\" class=\"pdfprnt-button pdfprnt-button-print\" target=\"_blank\"><img src=\"http:\/\/polegaresaintremy.fr\/cms1\/wp-content\/plugins\/pdf-print\/images\/print.png\" alt=\"image_print\" title=\"Print Content\" \/><\/a><\/div>\n<p>Plusieurs associations de quartier ont analys\u00e9 le projet de PLU propos\u00e9 par la mairie de Saint R\u00e9my. Une restitution a \u00e9t\u00e9 faite le 27 septembre, devant un public de plus de 80 personnes.<\/p>\n\n\n\n<p>Vous trouverez ici la&nbsp;<strong>pr\u00e9sentation<\/strong>&nbsp;qui a \u00e9t\u00e9 faite :<\/p>\n\n\n\n<p><a href=\"http:\/\/polegaresaintremy.fr\/cms1\/wp-content\/uploads\/2023\/10\/2023-09-28_Reunion-inter-associations-du-27-Septembre-2023-Presentation-generale-V7.pdf\" target=\"_blank\" rel=\"noreferrer noopener\">Revision du PLU &#8211; r\u00e9union inter associations<\/a><\/p>\n\n\n\n<p>Vous trouverez en pi\u00e8ce jointe l&rsquo;<strong>avis de l&rsquo;Autorit\u00e9 environnementale<\/strong>&nbsp;sur ce projet de r\u00e9vision du PLU :<\/p>\n\n\n\n<p><a href=\"https:\/\/www.mrae.developpement-durable.gouv.fr\/IMG\/pdf\/2023-09-27_saint-remy-les-chevreuse_rplu_avis_delibere.pdf\" target=\"_blank\" rel=\"noreferrer noopener\">https:\/\/www.mrae.developpement-durable.gouv.fr\/IMG\/pdf\/2023-09-27_saint-remy-les-chevreuse_rplu_avis_delibere.pdf<\/a><\/p>\n\n\n\n<p>La premi\u00e8re page qui r\u00e9sume l&rsquo;avis de l&rsquo;Ae et rejoint les critiques formul\u00e9es par les associations de fa\u00e7on g\u00e9n\u00e9rale sur les questions environnementales et plus particuli\u00e8rement sur les OAP.<\/p>\n\n\n\n<p>Enfin, le collectif p\u00f4le gare, a d\u00e9pos\u00e9 un avis que vous pouvez retrouver ici :<\/p>\n\n\n\n<p><a href=\"http:\/\/polegaresaintremy.fr\/cms1\/wp-content\/uploads\/2023\/10\/Avis_PLU_PGSR_v2.pdf\" data-type=\"page\" data-id=\"7046\" target=\"_blank\" rel=\"noreferrer noopener\">R\u00e9vision du PLU : avis du collectif<\/a><\/p>\n","protected":false},"excerpt":{"rendered":"<p>Plusieurs associations de quartier ont analys\u00e9 le projet de PLU propos\u00e9 par la mairie de Saint R\u00e9my. Une restitution a \u00e9t\u00e9 faite le 27 septembre, devant un public de plus de 80 personnes. Vous trouverez ici la&nbsp;pr\u00e9sentation&nbsp;qui a \u00e9t\u00e9 faite : Revision du PLU &#8211; r\u00e9union inter associations Vous trouverez en pi\u00e8ce jointe l&rsquo;avis de &hellip; <a href=\"https:\/\/polegaresaintremy.fr\/cms1\/index.php\/2023\/10\/08\/revision-du-plu-analyse-des-associations\/\" class=\"more-link\">Continue reading <span class=\"screen-reader-text\">R\u00e9vision du PLU : analyse des associations<\/span><\/a><\/p>\n","protected":false},"author":42,"featured_media":0,"comment_status":"open","ping_status":"closed","sticky":true,"template":"","format":"standard","meta":{"_bbp_topic_count":0,"_bbp_reply_count":0,"_bbp_total_topic_count":0,"_bbp_total_reply_count":0,"_bbp_voice_count":0,"_bbp_anonymous_reply_count":0,"_bbp_topic_count_hidden":0,"_bbp_reply_count_hidden":0,"_bbp_forum_subforum_count":0},"categories":[1],"tags":[],"_links":{"self":[{"href":"https:\/\/polegaresaintremy.fr\/cms1\/index.php\/wp-json\/wp\/v2\/posts\/7043"}],"collection":[{"href":"https:\/\/polegaresaintremy.fr\/cms1\/index.php\/wp-json\/wp\/v2\/posts"}],"about":[{"href":"https:\/\/polegaresaintremy.fr\/cms1\/index.php\/wp-json\/wp\/v2\/types\/post"}],"author":[{"embeddable":true,"href":"https:\/\/polegaresaintremy.fr\/cms1\/index.php\/wp-json\/wp\/v2\/users\/42"}],"replies":[{"embeddable":true,"href":"https:\/\/polegaresaintremy.fr\/cms1\/index.php\/wp-json\/wp\/v2\/comments?post=7043"}],"version-history":[{"count":2,"href":"https:\/\/polegaresaintremy.fr\/cms1\/index.php\/wp-json\/wp\/v2\/posts\/7043\/revisions"}],"predecessor-version":[{"id":7318,"href":"https:\/\/polegaresaintremy.fr\/cms1\/index.php\/wp-json\/wp\/v2\/posts\/7043\/revisions\/7318"}],"wp:attachment":[{"href":"https:\/\/polegaresaintremy.fr\/cms1\/index.php\/wp-json\/wp\/v2\/media?parent=7043"}],"wp:term":[{"taxonomy":"category","embeddable":true,"href":"https:\/\/polegaresaintremy.fr\/cms1\/index.php\/wp-json\/wp\/v2\/categories?post=7043"},{"taxonomy":"post_tag","embeddable":true,"href":"https:\/\/polegaresaintremy.fr\/cms1\/index.php\/wp-json\/wp\/v2\/tags?post=7043"}],"curies":[{"name":"wp","href":"https:\/\/api.w.org\/{rel}","templated":true}]}}