{"id":585,"date":"2016-10-11T21:05:23","date_gmt":"2016-10-11T20:05:23","guid":{"rendered":"http:\/\/polegaresaintremy.fr\/cms1\/?p=585"},"modified":"2016-12-27T11:00:46","modified_gmt":"2016-12-27T10:00:46","slug":"synthese-rp-ratp-stif-161013","status":"publish","type":"post","link":"https:\/\/polegaresaintremy.fr\/cms1\/index.php\/2016\/10\/11\/synthese-rp-ratp-stif-161013\/","title":{"rendered":"Synth\u00e8se de la r\u00e9union publique RATP-STIF 13-09-2016"},"content":{"rendered":"<div class=\"pdfprnt-buttons pdfprnt-buttons-post pdfprnt-top-right\"><a href=\"https:\/\/polegaresaintremy.fr\/cms1\/index.php\/wp-json\/wp\/v2\/posts\/585?print=pdf\" class=\"pdfprnt-button pdfprnt-button-pdf\" target=\"_blank\"><img src=\"http:\/\/polegaresaintremy.fr\/cms1\/wp-content\/plugins\/pdf-print\/images\/pdf.png\" alt=\"image_pdf\" title=\"View PDF\" \/><\/a><a href=\"https:\/\/polegaresaintremy.fr\/cms1\/index.php\/wp-json\/wp\/v2\/posts\/585?print=print\" class=\"pdfprnt-button pdfprnt-button-print\" target=\"_blank\"><img src=\"http:\/\/polegaresaintremy.fr\/cms1\/wp-content\/plugins\/pdf-print\/images\/print.png\" alt=\"image_print\" title=\"Print Content\" \/><\/a><\/div><p><strong>Cliquer<\/strong> pour lire ou t\u00e9l\u00e9charger la:\u00a0 <a href=\"http:\/\/polegaresaintremy.fr\/cms1\/wp-content\/uploads\/2016\/10\/Projet-RATP-en-gare-de-Saint-R\u00e9my-Synth\u00e8se-r\u00e9union-dinformation-du-13-09-2016.pdf\" target=\"_blank\">Synth\u00e8se de la r\u00e9union publique RATP-STIF du 13-09-2016<\/a><!--more--><\/p>\n<p><em>(Synth\u00e8se r\u00e9dig\u00e9e par le Comit\u00e9 du Collectif)<\/em><\/p>\n<p><strong><span style=\"color: #0000ff;\">Autres liens :<\/span><\/strong><\/p>\n<ul>\n<li>Sur le <a href=\"http:\/\/www.ville-st-remy-chevreuse.fr\/vie-pratique\/circulation-transports\/projet-gare-ratp.html\" target=\"_blank\" data-slimstat-clicked=\"false\" data-slimstat-type=\"0\" data-slimstat-tracking=\"true\" data-slimstat-async=\"true\" data-slimstat-callback=\"false\">site de la municipalit\u00e9 <\/a>:\n<ul>\n<li>La P<a href=\"http:\/\/polegaresaintremy.fr\/cms1\/wp-content\/uploads\/2016\/09\/160913_PPT_RP_Vdef_minim.pdf\" target=\"_blank\" data-slimstat-clicked=\"false\" data-slimstat-type=\"1\" data-slimstat-tracking=\"true\" data-slimstat-async=\"true\" data-slimstat-callback=\"false\">r\u00e9sentation avec ses annexes<\/a>\u00a0<\/li>\n<li>Les <a href=\"http:\/\/www.ville-st-remy-chevreuse.fr\/uploads\/tx_actu\/CR_RP_RATP_160926_Vdef_minim.pdf\" target=\"_blank\" data-slimstat-clicked=\"false\" data-slimstat-type=\"0\" data-slimstat-tracking=\"true\" data-slimstat-async=\"true\" data-slimstat-callback=\"false\">Minutes de la r\u00e9union<\/a><\/li>\n<\/ul>\n<\/li>\n<li><a href=\"http:\/\/polegaresaintremy.fr\/cms1\/index.php\/2016\/09\/17\/reunion-publique-13-09-2016\" target=\"_blank\">Articles \u00e0 l&rsquo;issue de la r\u00e9union <\/a>(voir aussi en bas de ce lien)<\/li>\n<\/ul>\n","protected":false},"excerpt":{"rendered":"<p>Cliquer pour lire ou t\u00e9l\u00e9charger la:\u00a0 Synth\u00e8se de la r\u00e9union publique RATP-STIF du 13-09-2016<\/p>\n","protected":false},"author":1,"featured_media":0,"comment_status":"open","ping_status":"open","sticky":false,"template":"","format":"link","meta":{"_bbp_topic_count":0,"_bbp_reply_count":0,"_bbp_total_topic_count":0,"_bbp_total_reply_count":0,"_bbp_voice_count":0,"_bbp_anonymous_reply_count":0,"_bbp_topic_count_hidden":0,"_bbp_reply_count_hidden":0,"_bbp_forum_subforum_count":0},"categories":[8,1],"tags":[],"_links":{"self":[{"href":"https:\/\/polegaresaintremy.fr\/cms1\/index.php\/wp-json\/wp\/v2\/posts\/585"}],"collection":[{"href":"https:\/\/polegaresaintremy.fr\/cms1\/index.php\/wp-json\/wp\/v2\/posts"}],"about":[{"href":"https:\/\/polegaresaintremy.fr\/cms1\/index.php\/wp-json\/wp\/v2\/types\/post"}],"author":[{"embeddable":true,"href":"https:\/\/polegaresaintremy.fr\/cms1\/index.php\/wp-json\/wp\/v2\/users\/1"}],"replies":[{"embeddable":true,"href":"https:\/\/polegaresaintremy.fr\/cms1\/index.php\/wp-json\/wp\/v2\/comments?post=585"}],"version-history":[{"count":5,"href":"https:\/\/polegaresaintremy.fr\/cms1\/index.php\/wp-json\/wp\/v2\/posts\/585\/revisions"}],"predecessor-version":[{"id":658,"href":"https:\/\/polegaresaintremy.fr\/cms1\/index.php\/wp-json\/wp\/v2\/posts\/585\/revisions\/658"}],"wp:attachment":[{"href":"https:\/\/polegaresaintremy.fr\/cms1\/index.php\/wp-json\/wp\/v2\/media?parent=585"}],"wp:term":[{"taxonomy":"category","embeddable":true,"href":"https:\/\/polegaresaintremy.fr\/cms1\/index.php\/wp-json\/wp\/v2\/categories?post=585"},{"taxonomy":"post_tag","embeddable":true,"href":"https:\/\/polegaresaintremy.fr\/cms1\/index.php\/wp-json\/wp\/v2\/tags?post=585"}],"curies":[{"name":"wp","href":"https:\/\/api.w.org\/{rel}","templated":true}]}}