{"id":235,"date":"2015-12-13T07:57:06","date_gmt":"2015-12-13T06:57:06","guid":{"rendered":"http:\/\/polegaresaintremy.fr\/cms1\/?p=235"},"modified":"2016-09-03T11:09:36","modified_gmt":"2016-09-03T10:09:36","slug":"parisien-parle-de-ratp","status":"publish","type":"post","link":"https:\/\/polegaresaintremy.fr\/cms1\/index.php\/2015\/12\/13\/parisien-parle-de-ratp\/","title":{"rendered":"Le-Parisien parle de la RATP"},"content":{"rendered":"<div class=\"pdfprnt-buttons pdfprnt-buttons-post pdfprnt-top-right\"><a href=\"https:\/\/polegaresaintremy.fr\/cms1\/index.php\/wp-json\/wp\/v2\/posts\/235?print=pdf\" class=\"pdfprnt-button pdfprnt-button-pdf\" target=\"_blank\"><img src=\"http:\/\/polegaresaintremy.fr\/cms1\/wp-content\/plugins\/pdf-print\/images\/pdf.png\" alt=\"image_pdf\" title=\"View PDF\" \/><\/a><a href=\"https:\/\/polegaresaintremy.fr\/cms1\/index.php\/wp-json\/wp\/v2\/posts\/235?print=print\" class=\"pdfprnt-button pdfprnt-button-print\" target=\"_blank\"><img src=\"http:\/\/polegaresaintremy.fr\/cms1\/wp-content\/plugins\/pdf-print\/images\/print.png\" alt=\"image_print\" title=\"Print Content\" \/><\/a><\/div><p><a href=\"http:\/\/www.leparisien.fr\/saint-remy-les-chevreuse-78470\/saint-remy-les-chevreuse-les-elus-contestent-l-agrandissement-de-la-gare-rer-08-12-2015-5352263.php\" target=\"_blank\">Article paru le 8-d\u00e9cembre 2015 dans \u00ab\u00a0Le Parisien\u00a0\u00bb<\/a><\/p>\n<figure id=\"attachment_242\" aria-describedby=\"caption-attachment-242\" style=\"width: 260px\" class=\"wp-caption alignleft\"><a href=\"http:\/\/polegaresaintremy.fr\/cms1\/wp-content\/uploads\/2015\/12\/20151208-Le-Parisien1.png\" target=\"_blank\"><img decoding=\"async\" loading=\"lazy\" class=\"wp-image-242\" title=\"Article dans Le-Parisien sur Saint-R\u00e9my et la RATP\" src=\"http:\/\/polegaresaintremy.fr\/cms1\/wp-content\/uploads\/2015\/12\/20151208-Le-Parisien1-235x300.png\" alt=\"20151208 Le-Parisien\" width=\"260\" height=\"331\" srcset=\"https:\/\/polegaresaintremy.fr\/cms1\/wp-content\/uploads\/2015\/12\/20151208-Le-Parisien1-235x300.png 235w, https:\/\/polegaresaintremy.fr\/cms1\/wp-content\/uploads\/2015\/12\/20151208-Le-Parisien1.png 370w\" sizes=\"(max-width: 260px) 100vw, 260px\" \/><\/a><figcaption id=\"caption-attachment-242\" class=\"wp-caption-text\">Article dans Le-Parisien sur Saint-R\u00e9my et la RATP<\/figcaption><\/figure>\n<p style=\"text-align: justify;\">Le Parisien a publi\u00e9 un article sur la position de la municipalit\u00e9 de Saint-R\u00e9my et le projet RATP actuel. L&rsquo;avis de la RATP est aussi \u00e9voqu\u00e9.<\/p>\n<p style=\"text-align: justify;\">Des r\u00e9actions se font d\u00e9j\u00e0 lire chez nos membres\u00a0(voir notamment les remarques publi\u00e9es par l&rsquo;association &lsquo;<a href=\"http:\/\/www.petitchevincourt.fr\/e25.html\">Petit-Chevincourt<\/a>&lsquo;).<\/p>\n<p style=\"text-align: justify;\">L&rsquo;\u00e9l\u00e9ment le plus \u00e9tonnant est l&rsquo;avis annonc\u00e9\u00a0de la <strong>RATP qui<em><span style=\"color: #339966;\">\u00a0<span style=\"color: #3366ff;\">\u00ab\u00a0&#8230;esp\u00e8re avec ces voies de garages&#8230;doubler le trafic en passant de 5 trains \u00e0 10 trains par heures\u00a0\u00bb<\/span><\/span><\/em>.<\/strong><\/p>\n<p>Cela surprend le Collectif et nous fait craindre que les lecteurs du Parisien se m\u00e9prennent sur ce projet et ses objectifs. <strong>Nous souhaitons connaitre l&rsquo;origine de\u00a0cette\u00a0affirmation<\/strong>.<\/p>\n<p>Jusque\u00a0l\u00e0 RATP\u00a0n&rsquo;a pas expliqu\u00e9 que ces voies serviront \u00e0 doubler la fr\u00e9quence du trafic. Et dans ce cas, sur quel tron\u00e7on, comment, pourquoi, quelles alternatives envisag\u00e9es ?<\/p>\n<p style=\"text-align: justify;\">Bien au contraire, jusqu&rsquo;\u00e0 pr\u00e9sent, la RATP nous a pr\u00e9sent\u00e9 un besoin de garer 10 Rames(*) suppl\u00e9mentaires \u00e0 Saint-R\u00e9my dont 8 partiront <strong>\u00e0 vide<\/strong> jusqu&rsquo;\u00e0 Orsay.<br \/>\nNulle part la proposition\u00a0de doublement de fr\u00e9quence entre Saint-R\u00e9my et Orsay n&rsquo;a \u00e9t\u00e9 exprim\u00e9e par la RATP ni par le STIF.<br \/>\nPourquoi la doubler\u00a0quand le trafic enregistr\u00e9 est l&rsquo;un des plus faibles (en 2014 la fr\u00e9quentation sur le RER B sur le tron\u00e7on\u00a0Saint-R\u00e9my &#8211; Palaiseau\u00a0reste inf\u00e9rieure \u00e0 4%)? Quelle perspective d&rsquo;augmentation dans la zone inscrite du Parc Naturel dont la\u00a0densification de population et l&rsquo;urbanisation est forc\u00e9ment limit\u00e9e?<\/p>\n<p style=\"text-align: justify;\">Le probl\u00e8me semble situ\u00e9\u00a0en aval vers Paris, ou\u00a0la RATP a d\u00e9j\u00e0 du mal \u00e0 tenir ses objectifs dans le tunnel du Ch\u00e2telet.<\/p>\n<p style=\"text-align: justify;\">Et pour cela, des trains \u00e0 double \u00e9tages permettraient de d\u00e9-saturer le r\u00e9seau.<\/p>\n<p style=\"text-align: justify;\">On parle d&rsquo;un projet de plus de 100.000.000 Euros quand m\u00eame\u00a0!<\/p>\n<hr \/>\n<hr \/>\n<p style=\"text-align: justify;\">(*) Les voies de garage accueillent des trains \u00e0 double rame. 5 nouvelles voies pour 5 trains doubles et donc pour 10 rames suppl\u00e9mentaires.<\/p>\n","protected":false},"excerpt":{"rendered":"<p>Article paru le 8-d\u00e9cembre 2015 dans \u00ab\u00a0Le Parisien\u00a0\u00bb Le Parisien a publi\u00e9 un article sur la position de la municipalit\u00e9 de Saint-R\u00e9my et le projet RATP actuel. L&rsquo;avis de la RATP est aussi \u00e9voqu\u00e9. Des r\u00e9actions se font d\u00e9j\u00e0 lire chez nos membres\u00a0(voir notamment les remarques publi\u00e9es par l&rsquo;association &lsquo;Petit-Chevincourt&lsquo;). L&rsquo;\u00e9l\u00e9ment le plus \u00e9tonnant est &hellip; <a href=\"https:\/\/polegaresaintremy.fr\/cms1\/index.php\/2015\/12\/13\/parisien-parle-de-ratp\/\" class=\"more-link\">Continue reading <span class=\"screen-reader-text\">Le-Parisien parle de la RATP<\/span><\/a><\/p>\n","protected":false},"author":2,"featured_media":0,"comment_status":"open","ping_status":"open","sticky":false,"template":"","format":"link","meta":{"_bbp_topic_count":0,"_bbp_reply_count":0,"_bbp_total_topic_count":0,"_bbp_total_reply_count":0,"_bbp_voice_count":0,"_bbp_anonymous_reply_count":0,"_bbp_topic_count_hidden":0,"_bbp_reply_count_hidden":0,"_bbp_forum_subforum_count":0},"categories":[8,19],"tags":[20],"_links":{"self":[{"href":"https:\/\/polegaresaintremy.fr\/cms1\/index.php\/wp-json\/wp\/v2\/posts\/235"}],"collection":[{"href":"https:\/\/polegaresaintremy.fr\/cms1\/index.php\/wp-json\/wp\/v2\/posts"}],"about":[{"href":"https:\/\/polegaresaintremy.fr\/cms1\/index.php\/wp-json\/wp\/v2\/types\/post"}],"author":[{"embeddable":true,"href":"https:\/\/polegaresaintremy.fr\/cms1\/index.php\/wp-json\/wp\/v2\/users\/2"}],"replies":[{"embeddable":true,"href":"https:\/\/polegaresaintremy.fr\/cms1\/index.php\/wp-json\/wp\/v2\/comments?post=235"}],"version-history":[{"count":8,"href":"https:\/\/polegaresaintremy.fr\/cms1\/index.php\/wp-json\/wp\/v2\/posts\/235\/revisions"}],"predecessor-version":[{"id":284,"href":"https:\/\/polegaresaintremy.fr\/cms1\/index.php\/wp-json\/wp\/v2\/posts\/235\/revisions\/284"}],"wp:attachment":[{"href":"https:\/\/polegaresaintremy.fr\/cms1\/index.php\/wp-json\/wp\/v2\/media?parent=235"}],"wp:term":[{"taxonomy":"category","embeddable":true,"href":"https:\/\/polegaresaintremy.fr\/cms1\/index.php\/wp-json\/wp\/v2\/categories?post=235"},{"taxonomy":"post_tag","embeddable":true,"href":"https:\/\/polegaresaintremy.fr\/cms1\/index.php\/wp-json\/wp\/v2\/tags?post=235"}],"curies":[{"name":"wp","href":"https:\/\/api.w.org\/{rel}","templated":true}]}}