{"id":1023,"date":"2018-06-30T16:29:46","date_gmt":"2018-06-30T15:29:46","guid":{"rendered":"http:\/\/polegaresaintremy.fr\/cms1\/?p=1023"},"modified":"2018-06-30T16:38:33","modified_gmt":"2018-06-30T15:38:33","slug":"collectif-interpelle-parc-region","status":"publish","type":"post","link":"https:\/\/polegaresaintremy.fr\/cms1\/index.php\/2018\/06\/30\/collectif-interpelle-parc-region\/","title":{"rendered":"Le Collectif interpelle le Parc et la R\u00e9gion sur le projet RATP \u00e0 Saint-R\u00e9my"},"content":{"rendered":"<div class=\"pdfprnt-buttons pdfprnt-buttons-post pdfprnt-top-right\"><a href=\"https:\/\/polegaresaintremy.fr\/cms1\/index.php\/wp-json\/wp\/v2\/posts\/1023?print=pdf\" class=\"pdfprnt-button pdfprnt-button-pdf\" target=\"_blank\"><img src=\"http:\/\/polegaresaintremy.fr\/cms1\/wp-content\/plugins\/pdf-print\/images\/pdf.png\" alt=\"image_pdf\" title=\"View PDF\" \/><\/a><a href=\"https:\/\/polegaresaintremy.fr\/cms1\/index.php\/wp-json\/wp\/v2\/posts\/1023?print=print\" class=\"pdfprnt-button pdfprnt-button-print\" target=\"_blank\"><img src=\"http:\/\/polegaresaintremy.fr\/cms1\/wp-content\/plugins\/pdf-print\/images\/print.png\" alt=\"image_print\" title=\"Print Content\" \/><\/a><\/div><p>Une R\u00e9union Publique s&rsquo;est tenue le 19 juin 2018 sur le projet de liaison douce entre Saint-R\u00e9my-l\u00e8s-Chevreuse et Boullay-les-Troux.<\/p>\n<p><strong>A cette occasion, le Collectif a interpell\u00e9 la R\u00e9gion et le Parc sur le projet d&rsquo;ajout de voies de garage sur la gare de Saint-R\u00e9my.<\/strong><\/p>\n<p><a href=\"http:\/\/polegaresaintremy.fr\/cms1\/wp-content\/uploads\/2018\/06\/20180619-DSC_4041-Panneaux-et-_e\u0301quipe-2.jpg\"><img decoding=\"async\" loading=\"lazy\" class=\"aligncenter wp-image-1031 size-large\" src=\"http:\/\/polegaresaintremy.fr\/cms1\/wp-content\/uploads\/2018\/06\/20180619-DSC_4041-Panneaux-et-_e\u0301quipe-2-1024x478.jpg\" alt=\"\" width=\"792\" height=\"370\" srcset=\"https:\/\/polegaresaintremy.fr\/cms1\/wp-content\/uploads\/2018\/06\/20180619-DSC_4041-Panneaux-et-_e\u0301quipe-2-1024x478.jpg 1024w, https:\/\/polegaresaintremy.fr\/cms1\/wp-content\/uploads\/2018\/06\/20180619-DSC_4041-Panneaux-et-_e\u0301quipe-2-300x140.jpg 300w, https:\/\/polegaresaintremy.fr\/cms1\/wp-content\/uploads\/2018\/06\/20180619-DSC_4041-Panneaux-et-_e\u0301quipe-2-768x358.jpg 768w\" sizes=\"(max-width: 792px) 100vw, 792px\" \/><\/a><!--more--><\/p>\n<ul>\n<li><em>Pourquoi la pr\u00e9sidente de la R\u00e9gion, V.P\u00e9cresse, d\u00e9fendait-elle un maximum de 3 voies en 2015 quand elle \u00e9tait dans l&rsquo;opposition et une fois \u00e9lue a d\u00e9cid\u00e9 d&rsquo;imposer 5 voies ?<\/em><\/li>\n<li><em>Que fait l&rsquo;administration du \u00ab\u00a0Parc\u00a0\u00bb pour d\u00e9fendre le site face \u00e0 ce projet monumental ?<\/em>\n<ul style=\"list-style-type: circle;\">\n<li>Le commissaire ne retient page 20 du \u00ab\u00a0Parc\u00a0\u00bb que:\n<ul style=\"list-style-type: square;\">\n<li>l&rsquo;absence d&rsquo;avis sur le bien-fond\u00e9<\/li>\n<li>l&rsquo;absence d&rsquo;opposition tant que les installations projet\u00e9es restent dans l\u2019emprise de la RATP et qu\u2019il n\u2019y a pas d\u2019ouvrages en \u00e9l\u00e9vation (contrairement au pr\u00e9c\u00e9dent projet de Machine-\u00e0-laver)<\/li>\n<li>l&rsquo;existence de \u00ab\u00a0questions\u00a0\u00bb sur les nuisances et l&rsquo;int\u00e9gration paysag\u00e8re.<\/li>\n<\/ul>\n<\/li>\n<li>Mais que dire de l&rsquo;impact souterrain du futur mur de sout\u00e8nement, de l&rsquo;impact des trains gar\u00e9s en plus, notamment\u00a0 juste avant l&rsquo;entr\u00e9e en gare (voie 4T) et pourquoi croire qu&rsquo;on aura des r\u00e9ponses \u00e0 ces \u00ab\u00a0questions\u00a0\u00bb sur des nuisances d\u00e9j\u00e0 minimis\u00e9es sur le papier.<\/li>\n<\/ul>\n<\/li>\n<li><em>O\u00f9 sont les \u00e9tudes sur l&rsquo;eau pour v\u00e9rifier les impacts de ces grandes modifications\u00a0?<\/em><\/li>\n<\/ul>\n<p>Rappel : l&rsquo;<a href=\"https:\/\/www.ville-st-remy-chevreuse.fr\/actualite\/rapport-enquete-ratp\/\" target=\"_blank\" rel=\"noopener\">avis rendu suite \u00e0 l&rsquo;enqu\u00eate publique<\/a> par le Commissaire-enqu\u00eateur&#8230;<\/p>\n<ul>\n<li><a href=\"http:\/\/polegaresaintremy.fr\/cms1\/wp-content\/uploads\/2018\/06\/2018-05-07_Communiqu\u00e9-du-Maire-enqu\u00eate-publique-RATP.pdf\">2018-05-07_Communiqu\u00e9-du-Maire-enqu\u00eate-publique-RATP<\/a><\/li>\n<li><a href=\"http:\/\/polegaresaintremy.fr\/cms1\/wp-content\/uploads\/2018\/06\/Rapport-Enquete-publique-CONCLUSIONS_opt.pdf\">Rapport-Enquete-publique-CONCLUSIONS_opt<\/a><\/li>\n<li><a href=\"http:\/\/polegaresaintremy.fr\/cms1\/wp-content\/uploads\/2018\/06\/vf-St-R\u00e9my-rapport.pdf\" target=\"_blank\" rel=\"noopener\">Rapport-Enquete-texte<\/a><\/li>\n<\/ul>\n<p>&#8230;ne remet rien ou presque en cause du projet alors que les impacts seront \u00e9normes, pires que ceux d\u00e9lay\u00e9s dans l&rsquo;\u00e9tude d&rsquo;impact, et les risques importants pour les personnes et pour le transport.<\/p>\n<p><strong>A la suite du sinistre arriv\u00e9 le 12\/06\/2018<\/strong> (d\u00e9raillement entre Saint-R\u00e9my et Courcelles li\u00e9 \u00e0 des ruissellements lors d&rsquo;orages tr\u00e8s violents), nous ne pouvions que nous alarmer sur les cons\u00e9quences de travaux suppl\u00e9mentaires et de l&rsquo;ajout d&rsquo;un mur de sout\u00e8nement monumental en travers des ruissellements. Pour plus d&rsquo;info <a href=\"https:\/\/assorerb.jimdo.com\/actualit%C3%A9s-1\/\" target=\"_blank\" rel=\"noopener\">Actus-CoURB<\/a><\/p>\n<p>&nbsp;<\/p>\n<p><strong>A noter que, au 30\/06, 8 trains-longs sont toujours bloqu\u00e9s suite \u00e0 ce sinistre.<\/strong><\/p>\n<ul>\n<li>Si ce n&rsquo;est pas g\u00eanant pour les voyageurs apr\u00e8s Gif, alors pourquoi tout ce battage pour installer 5 trains en plus \u00e0 Saint-R\u00e9my ?<\/li>\n<li>Si c&rsquo;est g\u00eanant, alors pourquoi prendre des risques en plus en immobilisant ces 5 trains de plus sur ce terminus de Saint-R\u00e9my, \u00e0 20km de leur site de maintenance de Massy ?<\/li>\n<\/ul>\n","protected":false},"excerpt":{"rendered":"<p>Une R\u00e9union Publique s&rsquo;est tenue le 19 juin 2018 sur le projet de liaison douce entre Saint-R\u00e9my-l\u00e8s-Chevreuse et Boullay-les-Troux. A cette occasion, le Collectif a interpell\u00e9 la R\u00e9gion et le Parc sur le projet d&rsquo;ajout de voies de garage sur la gare de Saint-R\u00e9my.<\/p>\n","protected":false},"author":1,"featured_media":0,"comment_status":"open","ping_status":"closed","sticky":false,"template":"","format":"standard","meta":{"_bbp_topic_count":0,"_bbp_reply_count":0,"_bbp_total_topic_count":0,"_bbp_total_reply_count":0,"_bbp_voice_count":0,"_bbp_anonymous_reply_count":0,"_bbp_topic_count_hidden":0,"_bbp_reply_count_hidden":0,"_bbp_forum_subforum_count":0},"categories":[14],"tags":[],"_links":{"self":[{"href":"https:\/\/polegaresaintremy.fr\/cms1\/index.php\/wp-json\/wp\/v2\/posts\/1023"}],"collection":[{"href":"https:\/\/polegaresaintremy.fr\/cms1\/index.php\/wp-json\/wp\/v2\/posts"}],"about":[{"href":"https:\/\/polegaresaintremy.fr\/cms1\/index.php\/wp-json\/wp\/v2\/types\/post"}],"author":[{"embeddable":true,"href":"https:\/\/polegaresaintremy.fr\/cms1\/index.php\/wp-json\/wp\/v2\/users\/1"}],"replies":[{"embeddable":true,"href":"https:\/\/polegaresaintremy.fr\/cms1\/index.php\/wp-json\/wp\/v2\/comments?post=1023"}],"version-history":[{"count":5,"href":"https:\/\/polegaresaintremy.fr\/cms1\/index.php\/wp-json\/wp\/v2\/posts\/1023\/revisions"}],"predecessor-version":[{"id":1034,"href":"https:\/\/polegaresaintremy.fr\/cms1\/index.php\/wp-json\/wp\/v2\/posts\/1023\/revisions\/1034"}],"wp:attachment":[{"href":"https:\/\/polegaresaintremy.fr\/cms1\/index.php\/wp-json\/wp\/v2\/media?parent=1023"}],"wp:term":[{"taxonomy":"category","embeddable":true,"href":"https:\/\/polegaresaintremy.fr\/cms1\/index.php\/wp-json\/wp\/v2\/categories?post=1023"},{"taxonomy":"post_tag","embeddable":true,"href":"https:\/\/polegaresaintremy.fr\/cms1\/index.php\/wp-json\/wp\/v2\/tags?post=1023"}],"curies":[{"name":"wp","href":"https:\/\/api.w.org\/{rel}","templated":true}]}}